{"id":12228,"date":"2021-02-28T18:33:37","date_gmt":"2021-02-28T17:33:37","guid":{"rendered":"http:\/\/sosw.powiatwlodawski.pl\/?p=12228"},"modified":"2021-02-28T18:37:44","modified_gmt":"2021-02-28T17:37:44","slug":"narodowy-dzien-pamieci-zolnierzy-wykletych-2","status":"publish","type":"post","link":"https:\/\/sosw.powiatwlodawski.pl\/index.php\/2021\/02\/28\/narodowy-dzien-pamieci-zolnierzy-wykletych-2\/","title":{"rendered":"NARODOWY DZIE\u0143 PAMI\u0118CI \u017bO\u0141NIERZY WYKL\u0118TYCH"},"content":{"rendered":"<p><strong><span style=\"color: #000000;\">NARODOWY DZIE\u0143 PAMI\u0118CI \u017bO\u0141NIERZY WYKL\u0118TYCH &#8211; <em><a href=\"https:\/\/sosw.powiatwlodawski.pl\/wp-content\/uploads\/2021\/02\/Wykleci.mp4\" target=\"_blank\" rel=\"noopener noreferrer\">POBIERZ PREZENTACJ\u0118<\/a><\/em><\/span><\/strong><\/p>\n\n\n\n\n<p><\/p>\n","protected":false},"excerpt":{"rendered":"<p>NARODOWY DZIE\u0143 PAMI\u0118CI \u017bO\u0141NIERZY WYKL\u0118TYCH &#8211; POBIERZ PREZENTACJ\u0118<\/p>\n","protected":false},"author":3,"featured_media":12231,"comment_status":"closed","ping_status":"closed","sticky":false,"template":"","format":"standard","meta":{"footnotes":""},"categories":[10,1],"tags":[],"_links":{"self":[{"href":"https:\/\/sosw.powiatwlodawski.pl\/index.php\/wp-json\/wp\/v2\/posts\/12228"}],"collection":[{"href":"https:\/\/sosw.powiatwlodawski.pl\/index.php\/wp-json\/wp\/v2\/posts"}],"about":[{"href":"https:\/\/sosw.powiatwlodawski.pl\/index.php\/wp-json\/wp\/v2\/types\/post"}],"author":[{"embeddable":true,"href":"https:\/\/sosw.powiatwlodawski.pl\/index.php\/wp-json\/wp\/v2\/users\/3"}],"replies":[{"embeddable":true,"href":"https:\/\/sosw.powiatwlodawski.pl\/index.php\/wp-json\/wp\/v2\/comments?post=12228"}],"version-history":[{"count":4,"href":"https:\/\/sosw.powiatwlodawski.pl\/index.php\/wp-json\/wp\/v2\/posts\/12228\/revisions"}],"predecessor-version":[{"id":12235,"href":"https:\/\/sosw.powiatwlodawski.pl\/index.php\/wp-json\/wp\/v2\/posts\/12228\/revisions\/12235"}],"wp:featuredmedia":[{"embeddable":true,"href":"https:\/\/sosw.powiatwlodawski.pl\/index.php\/wp-json\/wp\/v2\/media\/12231"}],"wp:attachment":[{"href":"https:\/\/sosw.powiatwlodawski.pl\/index.php\/wp-json\/wp\/v2\/media?parent=12228"}],"wp:term":[{"taxonomy":"category","embeddable":true,"href":"https:\/\/sosw.powiatwlodawski.pl\/index.php\/wp-json\/wp\/v2\/categories?post=12228"},{"taxonomy":"post_tag","embeddable":true,"href":"https:\/\/sosw.powiatwlodawski.pl\/index.php\/wp-json\/wp\/v2\/tags?post=12228"}],"curies":[{"name":"wp","href":"https:\/\/api.w.org\/{rel}","templated":true}]}}